{"id":2813,"date":"2024-12-03T01:30:10","date_gmt":"2024-12-03T04:30:10","guid":{"rendered":"https:\/\/mobilis.wxlabs.com.br\/?p=2813"},"modified":"2024-12-09T17:31:54","modified_gmt":"2024-12-09T20:31:54","slug":"tecnologia-brasileira-e-destaque-em-amsterdam","status":"publish","type":"post","link":"https:\/\/mobilistraffic.com\/pt-br\/noticias\/tecnologia-brasileira-e-destaque-em-amsterdam\/","title":{"rendered":"Tecnologia brasileira \u00e9 destaque em Amsterdam"},"content":{"rendered":"\n<figure class=\"wp-block-image size-full\"><img fetchpriority=\"high\" decoding=\"async\" width=\"700\" height=\"525\" src=\"https:\/\/mobilistraffic.com\/wp-content\/uploads\/2024\/12\/tecnologia-brasileira-e-destaque-em-amsterdam_2.jpeg\" alt=\"\" class=\"wp-image-2815\" srcset=\"https:\/\/mobilistraffic.com\/wp-content\/uploads\/2024\/12\/tecnologia-brasileira-e-destaque-em-amsterdam_2.jpeg 700w, https:\/\/mobilistraffic.com\/wp-content\/uploads\/2024\/12\/tecnologia-brasileira-e-destaque-em-amsterdam_2-300x225.jpeg 300w\" sizes=\"(max-width: 700px) 100vw, 700px\" \/><\/figure>\n\n\n\n<p>Infraestrutura, gerenciamento de tr\u00e1fego, mobilidade inteligente e seguran\u00e7a. Esses s\u00e3o os destaques da edi\u00e7\u00e3o 2022 da maior feira do ecossistema de mobilidade do mundo, a <a href=\"https:\/\/www.intertraffic.com\/\" target=\"_blank\" rel=\"noreferrer noopener\">Intertraffic<\/a>, que acontece de 29 de mar\u00e7o a 1 de abril, em Amsterdam, na Holanda. A empresa paranaense Mobilis marca presen\u00e7a como a \u00fanica representante brasileira no evento, apresentando o que h\u00e1 de mais inovador para a seguran\u00e7a e gest\u00e3o do tr\u00e2nsito.<\/p>\n\n\n\n<figure class=\"wp-block-image size-full\"><img decoding=\"async\" width=\"700\" height=\"525\" src=\"https:\/\/mobilistraffic.com\/wp-content\/uploads\/2024\/12\/tecnologia-brasileira-e-destaque-em-amsterdam_1.jpeg\" alt=\"\" class=\"wp-image-2814\" srcset=\"https:\/\/mobilistraffic.com\/wp-content\/uploads\/2024\/12\/tecnologia-brasileira-e-destaque-em-amsterdam_1.jpeg 700w, https:\/\/mobilistraffic.com\/wp-content\/uploads\/2024\/12\/tecnologia-brasileira-e-destaque-em-amsterdam_1-300x225.jpeg 300w\" sizes=\"(max-width: 700px) 100vw, 700px\" \/><\/figure>\n\n\n\n<p>Segundo R\u00e9gis Nishimoto, diretor t\u00e9cnico da Mobilis, a empresa est\u00e1 constantemente pensando na mobilidade urbana. \u201cNossa equipe de profissionais est\u00e1 focada em gest\u00e3o de tr\u00e1fego, tecnologia da informa\u00e7\u00e3o e automa\u00e7\u00e3o. E vamos mostrar aqui na Holanda um vasto portf\u00f3lio de produtos, servi\u00e7os e sistemas para atender empresas p\u00fablicas, operadoras rodovi\u00e1rias, entre outros, contribuindo para a qualidade de vida, mobilidade e seguran\u00e7a nas vias urbanas e rodovias, n\u00e3o s\u00f3 no Brasil, mas em todo mundo\u201d, comenta.<\/p>\n\n\n\n<p>Para acompanhar as novidades da empresa, e tudo que acontece no evento, acesse <a href=\"https:\/\/mobilistraffic.com\/\">https:\/\/mobilistraffic.com\/<\/a> e as redes sociais <a href=\"https:\/\/www.instagram.com\/mobilis_tecnologia\/\" target=\"_blank\" rel=\"noopener\">https:\/\/www.instagram.com\/mobilis_tecnologia\/<\/a><\/p>\n","protected":false},"excerpt":{"rendered":"<p>Infraestrutura, gerenciamento de tr\u00e1fego, mobilidade inteligente e seguran\u00e7a.<\/p>\n","protected":false},"author":1,"featured_media":2815,"comment_status":"closed","ping_status":"closed","sticky":false,"template":"","format":"standard","meta":{"footnotes":""},"categories":[63],"tags":[],"class_list":["post-2813","post","type-post","status-publish","format-standard","has-post-thumbnail","hentry","category-eventos"],"_links":{"self":[{"href":"https:\/\/mobilistraffic.com\/pt-br\/wp-json\/wp\/v2\/posts\/2813","targetHints":{"allow":["GET"]}}],"collection":[{"href":"https:\/\/mobilistraffic.com\/pt-br\/wp-json\/wp\/v2\/posts"}],"about":[{"href":"https:\/\/mobilistraffic.com\/pt-br\/wp-json\/wp\/v2\/types\/post"}],"author":[{"embeddable":true,"href":"https:\/\/mobilistraffic.com\/pt-br\/wp-json\/wp\/v2\/users\/1"}],"replies":[{"embeddable":true,"href":"https:\/\/mobilistraffic.com\/pt-br\/wp-json\/wp\/v2\/comments?post=2813"}],"version-history":[{"count":0,"href":"https:\/\/mobilistraffic.com\/pt-br\/wp-json\/wp\/v2\/posts\/2813\/revisions"}],"wp:featuredmedia":[{"embeddable":true,"href":"https:\/\/mobilistraffic.com\/pt-br\/wp-json\/wp\/v2\/media\/2815"}],"wp:attachment":[{"href":"https:\/\/mobilistraffic.com\/pt-br\/wp-json\/wp\/v2\/media?parent=2813"}],"wp:term":[{"taxonomy":"category","embeddable":true,"href":"https:\/\/mobilistraffic.com\/pt-br\/wp-json\/wp\/v2\/categories?post=2813"},{"taxonomy":"post_tag","embeddable":true,"href":"https:\/\/mobilistraffic.com\/pt-br\/wp-json\/wp\/v2\/tags?post=2813"}],"curies":[{"name":"wp","href":"https:\/\/api.w.org\/{rel}","templated":true}]}}