{"id":4802,"date":"2025-04-25T16:49:02","date_gmt":"2025-04-25T19:49:02","guid":{"rendered":"https:\/\/mobilistraffic.com\/?p=4802"},"modified":"2025-04-25T16:49:10","modified_gmt":"2025-04-25T19:49:10","slug":"mobilis-apresenta-escola-inteligente-na-bett-brasil-2025-maior-evento-de-educacao-do-pais","status":"publish","type":"post","link":"https:\/\/mobilistraffic.com\/pt-br\/noticias\/mobilis-apresenta-escola-inteligente-na-bett-brasil-2025-maior-evento-de-educacao-do-pais\/","title":{"rendered":"Mobilis apresenta Escola Inteligente na Bett Brasil 2025, maior evento de educa\u00e7\u00e3o do pa\u00eds"},"content":{"rendered":"\n<p>De 28 de abril a 1\u00ba de maio, a Mobilis marca presen\u00e7a na Bett Brasil 2025, o principal encontro de inova\u00e7\u00e3o e tecnologia voltado \u00e0 educa\u00e7\u00e3o na Am\u00e9rica Latina. Durante o evento, que acontece em S\u00e3o Paulo, a empresa apresenta pela primeira vez ao p\u00fablico a solu\u00e7\u00e3o Escola Inteligente, um sistema tecnol\u00f3gico de seguran\u00e7a e gest\u00e3o desenvolvido pela empresa,<\/p>\n\n\n\n<p>A Escola Inteligente combina big data, intelig\u00eancia artificial e monitoramento avan\u00e7ado para tornar o cotidiano de alunos, professores, gestores e fam\u00edlias mais seguro e eficiente. A solu\u00e7\u00e3o inclui reconhecimento facial, identifica\u00e7\u00e3o autom\u00e1tica de ve\u00edculos, prote\u00e7\u00e3o perimetral, controle de acessos e alertas integrados, al\u00e9m de uma plataforma de gest\u00e3o centralizada com gera\u00e7\u00e3o de relat\u00f3rios e controle de permiss\u00f5es.<\/p>\n\n\n\n<figure class=\"wp-block-image size-large\"><img fetchpriority=\"high\" decoding=\"async\" width=\"1024\" height=\"604\" src=\"https:\/\/mobilistraffic.com\/wp-content\/uploads\/2025\/04\/catraca-escola-001-3-1024x604.jpeg\" alt=\"\" class=\"wp-image-4803\" srcset=\"https:\/\/mobilistraffic.com\/wp-content\/uploads\/2025\/04\/catraca-escola-001-3-1024x604.jpeg 1024w, https:\/\/mobilistraffic.com\/wp-content\/uploads\/2025\/04\/catraca-escola-001-3-300x177.jpeg 300w, https:\/\/mobilistraffic.com\/wp-content\/uploads\/2025\/04\/catraca-escola-001-3-768x453.jpeg 768w, https:\/\/mobilistraffic.com\/wp-content\/uploads\/2025\/04\/catraca-escola-001-3-1536x907.jpeg 1536w, https:\/\/mobilistraffic.com\/wp-content\/uploads\/2025\/04\/catraca-escola-001-3-2048x1209.jpeg 2048w\" sizes=\"(max-width: 1024px) 100vw, 1024px\" \/><\/figure>\n\n\n\n<p>\u201cSabemos que a seguran\u00e7a \u00e9 uma preocupa\u00e7\u00e3o constante para toda a comunidade escolar. Nosso know-how em tecnologia aplicada \u00e0 seguran\u00e7a p\u00fablica e mobilidade urbana nos permite agora oferecer um produto que representa um salto de qualidade na governan\u00e7a para esse p\u00fablico\u201d, afirma Jobel Araujo, gerente comercial da Mobilis.<\/p>\n\n\n\n<p>O sistema j\u00e1 est\u00e1 em opera\u00e7\u00e3o em uma escola de Pinhais, na Regi\u00e3o Metropolitana de Curitiba (PR). A expectativa \u00e9 que a Escola Inteligente impacte positivamente a rotina de milhares de institui\u00e7\u00f5es educacionais, promovendo n\u00e3o apenas prote\u00e7\u00e3o, mas tamb\u00e9m efici\u00eancia na gest\u00e3o, permitindo que os gestores concentrem esfor\u00e7os no que realmente importa: o aprendizado e o bem-estar dos estudantes.<\/p>\n\n\n\n<p>A participa\u00e7\u00e3o na Bett Brasil marca um momento estrat\u00e9gico para a Mobilis, que refor\u00e7a sua miss\u00e3o de gerar novos neg\u00f3cios, sendo uma plataforma de solu\u00e7\u00f5es tecnol\u00f3gicas inovadoras que melhorem a vida das pessoas, tamb\u00e9m no universo educacional.<\/p>\n\n\n\n<p>Agenda:<\/p>\n\n\n\n<p>28\/04 a 01\/05<\/p>\n\n\n\n<p>Expo Center Norte em S\u00e3o Paulo<\/p>\n\n\n\n<p>Stand Mobilis: J162<\/p>\n\n\n\n<figure class=\"wp-block-embed\"><div class=\"wp-block-embed__wrapper\">\nhttps:\/\/brasil.bettshow.com\n<\/div><\/figure>\n","protected":false},"excerpt":{"rendered":"<p>Empresa traz para o ambiente escolar uma solu\u00e7\u00e3o in\u00e9dita no Brasil<\/p>\n","protected":false},"author":4,"featured_media":4793,"comment_status":"closed","ping_status":"closed","sticky":false,"template":"","format":"standard","meta":{"footnotes":""},"categories":[63],"tags":[],"class_list":["post-4802","post","type-post","status-publish","format-standard","has-post-thumbnail","hentry","category-eventos"],"_links":{"self":[{"href":"https:\/\/mobilistraffic.com\/pt-br\/wp-json\/wp\/v2\/posts\/4802","targetHints":{"allow":["GET"]}}],"collection":[{"href":"https:\/\/mobilistraffic.com\/pt-br\/wp-json\/wp\/v2\/posts"}],"about":[{"href":"https:\/\/mobilistraffic.com\/pt-br\/wp-json\/wp\/v2\/types\/post"}],"author":[{"embeddable":true,"href":"https:\/\/mobilistraffic.com\/pt-br\/wp-json\/wp\/v2\/users\/4"}],"replies":[{"embeddable":true,"href":"https:\/\/mobilistraffic.com\/pt-br\/wp-json\/wp\/v2\/comments?post=4802"}],"version-history":[{"count":0,"href":"https:\/\/mobilistraffic.com\/pt-br\/wp-json\/wp\/v2\/posts\/4802\/revisions"}],"wp:featuredmedia":[{"embeddable":true,"href":"https:\/\/mobilistraffic.com\/pt-br\/wp-json\/wp\/v2\/media\/4793"}],"wp:attachment":[{"href":"https:\/\/mobilistraffic.com\/pt-br\/wp-json\/wp\/v2\/media?parent=4802"}],"wp:term":[{"taxonomy":"category","embeddable":true,"href":"https:\/\/mobilistraffic.com\/pt-br\/wp-json\/wp\/v2\/categories?post=4802"},{"taxonomy":"post_tag","embeddable":true,"href":"https:\/\/mobilistraffic.com\/pt-br\/wp-json\/wp\/v2\/tags?post=4802"}],"curies":[{"name":"wp","href":"https:\/\/api.w.org\/{rel}","templated":true}]}}